{"id":331,"date":"2025-02-06T10:32:44","date_gmt":"2025-02-06T10:32:44","guid":{"rendered":"https:\/\/zkrsm.mk\/z\/?p=331"},"modified":"2025-02-12T09:05:10","modified_gmt":"2025-02-12T09:05:10","slug":"thirrje-per-veprim-per-te-bojkotuar-zinxhiret-e-medhenj-te-shitjes-me-pakice","status":"publish","type":"post","link":"https:\/\/zkrsm.mk\/z\/?p=331","title":{"rendered":"Thirrje p\u00ebr veprim p\u00ebr t\u00eb bojkotuar zinxhir\u00ebt e m\u00ebdhenj t\u00eb shitjes me pakic\u00eb"},"content":{"rendered":"\n<p>N\u00eb kuad\u00ebr t\u00eb fushat\u00ebs p\u00ebr bojkotimin e rrjeteve t\u00eb m\u00ebdha t\u00eb shitjes me pakic\u00eb, u b\u00ebjm\u00eb thirrje qytetar\u00ebve q\u00eb t\u00eb preferojn\u00eb artizan\u00ebt e vegj\u00ebl, prodhuesit mikro dhe t\u00eb vegj\u00ebl, si dhe dyqanet lokale. Oda e zejtaris\u00eb e Republik\u00ebs s\u00eb Maqedonis\u00eb (ZKRSM) apeloi deri te furrat e buk\u00ebs, \u00ebmb\u00eblsirat, kasap\u00ebt, sandui\u00e7or\u00ebt, kioskat e ushqimit dhe pijeve, si dhe prodhuesit mikro dhe t\u00eb vegj\u00ebl t\u00eb ushqimeve dhe pijeve, q\u00eb t\u00eb premten t\u00eb ulin \u00e7mimet e produkteve t\u00eb tyre p\u00ebr t\u00eb pakt\u00ebn 10%.<br>Kjo mas\u00eb nuk \u00ebsht\u00eb vet\u00ebm nj\u00eb p\u00ebrgjigje ndaj rrethanave aktuale, por edhe nj\u00eb mesazh se ekonomia vendase mund t\u00eb ofroj\u00eb \u00e7mime m\u00eb t\u00eb drejta dhe cil\u00ebsi m\u00eb t\u00eb mir\u00eb p\u00ebr qytetar\u00ebt. \u00c7mimet m\u00eb t\u00eb ul\u00ebta tashm\u00eb ekzistuese p\u00ebr artizan\u00ebt dhe bizneset e vogla, me k\u00ebt\u00eb nism\u00eb shtes\u00eb, marrin nj\u00eb nxitje edhe m\u00eb t\u00eb madhe p\u00ebr t\u00eb motivuar konsumator\u00ebt p\u00ebr t\u00eb bler\u00eb n\u00eb vend.<br>Inkurajojm\u00eb t\u00eb gjith\u00eb qytetar\u00ebt, jo vet\u00ebm gjat\u00eb bojkotit, por edhe n\u00eb jet\u00ebn e p\u00ebrditshme, t\u00eb zgjedhin produkte nga artizan\u00ebt e vegj\u00ebl dhe tregtar\u00ebt vendas. Duke vepruar k\u00ebshtu, ne jo vet\u00ebm mb\u00ebshtesim prodhuesit vendas, por edhe forcojm\u00eb ekonomin\u00eb e p\u00ebrgjithshme n\u00eb vendin ton\u00eb.<br>Mb\u00ebshtetni bizneset e vogla!<br>Blini n\u00eb vend!<br>Qytetar\u00ebt n\u00eb radh\u00eb t\u00eb par\u00eb!<\/p>\n","protected":false},"excerpt":{"rendered":"<p>N\u00eb kuad\u00ebr t\u00eb fushat\u00ebs p\u00ebr bojkotimin e rrjeteve t\u00eb m\u00ebdha t\u00eb shitjes me pakic\u00eb, u b\u00ebjm\u00eb thirrje qytetar\u00ebve q\u00eb t\u00eb preferojn\u00eb artizan\u00ebt e vegj\u00ebl, prodhuesit mikro dhe t\u00eb vegj\u00ebl, si dhe dyqanet lokale. Oda e zejtaris\u00eb e Republik\u00ebs s\u00eb Maqedonis\u00eb [&hellip;]<\/p>\n","protected":false},"author":1,"featured_media":332,"comment_status":"closed","ping_status":"closed","sticky":false,"template":"","format":"standard","meta":[],"categories":[3],"tags":[],"_links":{"self":[{"href":"https:\/\/zkrsm.mk\/z\/index.php?rest_route=\/wp\/v2\/posts\/331"}],"collection":[{"href":"https:\/\/zkrsm.mk\/z\/index.php?rest_route=\/wp\/v2\/posts"}],"about":[{"href":"https:\/\/zkrsm.mk\/z\/index.php?rest_route=\/wp\/v2\/types\/post"}],"author":[{"embeddable":true,"href":"https:\/\/zkrsm.mk\/z\/index.php?rest_route=\/wp\/v2\/users\/1"}],"replies":[{"embeddable":true,"href":"https:\/\/zkrsm.mk\/z\/index.php?rest_route=%2Fwp%2Fv2%2Fcomments&post=331"}],"version-history":[{"count":1,"href":"https:\/\/zkrsm.mk\/z\/index.php?rest_route=\/wp\/v2\/posts\/331\/revisions"}],"predecessor-version":[{"id":333,"href":"https:\/\/zkrsm.mk\/z\/index.php?rest_route=\/wp\/v2\/posts\/331\/revisions\/333"}],"wp:featuredmedia":[{"embeddable":true,"href":"https:\/\/zkrsm.mk\/z\/index.php?rest_route=\/wp\/v2\/media\/332"}],"wp:attachment":[{"href":"https:\/\/zkrsm.mk\/z\/index.php?rest_route=%2Fwp%2Fv2%2Fmedia&parent=331"}],"wp:term":[{"taxonomy":"category","embeddable":true,"href":"https:\/\/zkrsm.mk\/z\/index.php?rest_route=%2Fwp%2Fv2%2Fcategories&post=331"},{"taxonomy":"post_tag","embeddable":true,"href":"https:\/\/zkrsm.mk\/z\/index.php?rest_route=%2Fwp%2Fv2%2Ftags&post=331"}],"curies":[{"name":"wp","href":"https:\/\/api.w.org\/{rel}","templated":true}]}}