{"id":305,"date":"2025-02-06T09:06:49","date_gmt":"2025-02-06T09:06:49","guid":{"rendered":"https:\/\/zkrsm.mk\/z\/?p=305"},"modified":"2025-02-06T09:09:16","modified_gmt":"2025-02-06T09:09:16","slug":"cmimi-noemvriska","status":"publish","type":"post","link":"https:\/\/zkrsm.mk\/z\/?p=305","title":{"rendered":"\u00c7mimi i n\u00ebntorit"},"content":{"rendered":"\n<p>T\u00eb dashur bashk\u00ebpun\u00ebtor\u00eb, miq dhe qytetar\u00eb t\u00eb Kumanov\u00ebs,Sot ndihem thell\u00ebsisht i nderuar dhe mir\u00ebnjoh\u00ebs p\u00ebr k\u00ebt\u00eb \u00e7mim t\u00eb r\u00ebnd\u00ebsish\u00ebm. Dua t\u00eb shpreh fal\u00ebnderimet e mia nga zemra p\u00ebr t\u00eb gjith\u00eb ata q\u00eb m\u00eb kan\u00eb nominuar dhe p\u00ebr \u00e7do bashk\u00ebpun\u00ebtor q\u00eb ka q\u00ebndruar pran\u00eb meje n\u00eb k\u00ebt\u00eb rrug\u00ebtim. Ky \u00e7mim nuk \u00ebsht\u00eb vet\u00ebm i imi, por i t\u00eb gjith\u00eb atyre q\u00eb kan\u00eb kontribuar dhe mb\u00ebshtetur misionin tim p\u00ebr t\u00eb afirmuar dhe zhvilluar zejtarin\u00eb dhe traditat tona.Nj\u00eb fal\u00ebnderim i ve\u00e7ant\u00eb shkon p\u00ebr Kryetarin e Komun\u00ebs s\u00eb Kumanov\u00ebs dhe institucionet e tjera q\u00eb kan\u00eb qen\u00eb pjes\u00eb e k\u00ebtij udh\u00ebtimi. Pa mb\u00ebshtetjen e tyre, shum\u00eb nga k\u00ebto arritje nuk do t\u00eb kishin qen\u00eb t\u00eb mundura.Ky \u00e7mim \u00ebsht\u00eb nj\u00eb motivim p\u00ebr t\u00eb mos ndalur k\u00ebtu. Me pun\u00eb t\u00eb palodhshme dhe p\u00ebrkushtim t\u00eb madh, si dhe me sakrifica familjare, jam i p\u00ebrkushtuar t\u00eb vazhdoj t\u00eb jap kontributin tim p\u00ebr nj\u00eb t\u00eb ardhme m\u00eb t\u00eb mir\u00eb p\u00ebr qytetin dhe p\u00ebr t\u00eb gjitha nacionalitetet e Kumanov\u00ebs dhe t\u00eb Maqedonis\u00eb s\u00eb Veriut. Ky \u00ebsht\u00eb nj\u00eb mesazh bashkimi dhe bashk\u00ebpunimi p\u00ebr t\u00eb gjith\u00eb ne q\u00eb ndajm\u00eb t\u00eb nj\u00ebjtat aspirata p\u00ebr zhvillim dhe mir\u00ebqenie.Faleminderit t\u00eb gjith\u00ebve nga zemra p\u00ebr k\u00ebt\u00eb nderim t\u00eb madh!<\/p>\n\n\n\n<figure class=\"wp-block-gallery columns-3 is-cropped\"><ul class=\"blocks-gallery-grid\"><li class=\"blocks-gallery-item\"><figure><img loading=\"lazy\" width=\"1024\" height=\"948\" src=\"https:\/\/zkrsm.mk\/z\/wp-content\/uploads\/2025\/02\/466453918_10212677141519815_7807871164175299516_n-1024x948.jpg\" alt=\"\" data-id=\"308\" data-full-url=\"https:\/\/zkrsm.mk\/z\/wp-content\/uploads\/2025\/02\/466453918_10212677141519815_7807871164175299516_n.jpg\" data-link=\"https:\/\/zkrsm.mk\/z\/?attachment_id=308\" class=\"wp-image-308\" srcset=\"https:\/\/zkrsm.mk\/z\/wp-content\/uploads\/2025\/02\/466453918_10212677141519815_7807871164175299516_n-1024x948.jpg 1024w, https:\/\/zkrsm.mk\/z\/wp-content\/uploads\/2025\/02\/466453918_10212677141519815_7807871164175299516_n-300x278.jpg 300w, https:\/\/zkrsm.mk\/z\/wp-content\/uploads\/2025\/02\/466453918_10212677141519815_7807871164175299516_n-768x711.jpg 768w, https:\/\/zkrsm.mk\/z\/wp-content\/uploads\/2025\/02\/466453918_10212677141519815_7807871164175299516_n-1536x1422.jpg 1536w, https:\/\/zkrsm.mk\/z\/wp-content\/uploads\/2025\/02\/466453918_10212677141519815_7807871164175299516_n-24x22.jpg 24w, https:\/\/zkrsm.mk\/z\/wp-content\/uploads\/2025\/02\/466453918_10212677141519815_7807871164175299516_n-36x33.jpg 36w, https:\/\/zkrsm.mk\/z\/wp-content\/uploads\/2025\/02\/466453918_10212677141519815_7807871164175299516_n-48x44.jpg 48w, https:\/\/zkrsm.mk\/z\/wp-content\/uploads\/2025\/02\/466453918_10212677141519815_7807871164175299516_n.jpg 2048w\" sizes=\"(max-width: 1024px) 100vw, 1024px\" \/><\/figure><\/li><li class=\"blocks-gallery-item\"><figure><img loading=\"lazy\" width=\"473\" height=\"1024\" src=\"https:\/\/zkrsm.mk\/z\/wp-content\/uploads\/2025\/02\/466459168_10212677141399812_2295726831196523337_n-473x1024.jpg\" alt=\"\" data-id=\"307\" data-full-url=\"https:\/\/zkrsm.mk\/z\/wp-content\/uploads\/2025\/02\/466459168_10212677141399812_2295726831196523337_n.jpg\" data-link=\"https:\/\/zkrsm.mk\/z\/?attachment_id=307\" class=\"wp-image-307\" srcset=\"https:\/\/zkrsm.mk\/z\/wp-content\/uploads\/2025\/02\/466459168_10212677141399812_2295726831196523337_n-473x1024.jpg 473w, https:\/\/zkrsm.mk\/z\/wp-content\/uploads\/2025\/02\/466459168_10212677141399812_2295726831196523337_n-138x300.jpg 138w, https:\/\/zkrsm.mk\/z\/wp-content\/uploads\/2025\/02\/466459168_10212677141399812_2295726831196523337_n-768x1664.jpg 768w, https:\/\/zkrsm.mk\/z\/wp-content\/uploads\/2025\/02\/466459168_10212677141399812_2295726831196523337_n-709x1536.jpg 709w, https:\/\/zkrsm.mk\/z\/wp-content\/uploads\/2025\/02\/466459168_10212677141399812_2295726831196523337_n-11x24.jpg 11w, https:\/\/zkrsm.mk\/z\/wp-content\/uploads\/2025\/02\/466459168_10212677141399812_2295726831196523337_n-17x36.jpg 17w, https:\/\/zkrsm.mk\/z\/wp-content\/uploads\/2025\/02\/466459168_10212677141399812_2295726831196523337_n-22x48.jpg 22w, https:\/\/zkrsm.mk\/z\/wp-content\/uploads\/2025\/02\/466459168_10212677141399812_2295726831196523337_n.jpg 945w\" sizes=\"(max-width: 473px) 100vw, 473px\" \/><\/figure><\/li><li class=\"blocks-gallery-item\"><figure><img loading=\"lazy\" width=\"1024\" height=\"789\" src=\"https:\/\/zkrsm.mk\/z\/wp-content\/uploads\/2025\/02\/466011802_10212677165840423_6095674059417144277_n-1024x789.jpg\" alt=\"\" data-id=\"306\" data-full-url=\"https:\/\/zkrsm.mk\/z\/wp-content\/uploads\/2025\/02\/466011802_10212677165840423_6095674059417144277_n.jpg\" data-link=\"https:\/\/zkrsm.mk\/z\/?attachment_id=306\" class=\"wp-image-306\" srcset=\"https:\/\/zkrsm.mk\/z\/wp-content\/uploads\/2025\/02\/466011802_10212677165840423_6095674059417144277_n-1024x789.jpg 1024w, https:\/\/zkrsm.mk\/z\/wp-content\/uploads\/2025\/02\/466011802_10212677165840423_6095674059417144277_n-300x231.jpg 300w, https:\/\/zkrsm.mk\/z\/wp-content\/uploads\/2025\/02\/466011802_10212677165840423_6095674059417144277_n-768x592.jpg 768w, https:\/\/zkrsm.mk\/z\/wp-content\/uploads\/2025\/02\/466011802_10212677165840423_6095674059417144277_n-24x18.jpg 24w, https:\/\/zkrsm.mk\/z\/wp-content\/uploads\/2025\/02\/466011802_10212677165840423_6095674059417144277_n-36x28.jpg 36w, https:\/\/zkrsm.mk\/z\/wp-content\/uploads\/2025\/02\/466011802_10212677165840423_6095674059417144277_n-48x37.jpg 48w, https:\/\/zkrsm.mk\/z\/wp-content\/uploads\/2025\/02\/466011802_10212677165840423_6095674059417144277_n.jpg 1290w\" sizes=\"(max-width: 1024px) 100vw, 1024px\" \/><\/figure><\/li><\/ul><\/figure>\n","protected":false},"excerpt":{"rendered":"<p>T\u00eb dashur bashk\u00ebpun\u00ebtor\u00eb, miq dhe qytetar\u00eb t\u00eb Kumanov\u00ebs,Sot ndihem thell\u00ebsisht i nderuar dhe mir\u00ebnjoh\u00ebs p\u00ebr k\u00ebt\u00eb \u00e7mim t\u00eb r\u00ebnd\u00ebsish\u00ebm. Dua t\u00eb shpreh fal\u00ebnderimet e mia nga zemra p\u00ebr t\u00eb gjith\u00eb ata q\u00eb m\u00eb kan\u00eb nominuar dhe p\u00ebr \u00e7do bashk\u00ebpun\u00ebtor q\u00eb [&hellip;]<\/p>\n","protected":false},"author":1,"featured_media":306,"comment_status":"closed","ping_status":"open","sticky":false,"template":"","format":"standard","meta":[],"categories":[3],"tags":[],"_links":{"self":[{"href":"https:\/\/zkrsm.mk\/z\/index.php?rest_route=\/wp\/v2\/posts\/305"}],"collection":[{"href":"https:\/\/zkrsm.mk\/z\/index.php?rest_route=\/wp\/v2\/posts"}],"about":[{"href":"https:\/\/zkrsm.mk\/z\/index.php?rest_route=\/wp\/v2\/types\/post"}],"author":[{"embeddable":true,"href":"https:\/\/zkrsm.mk\/z\/index.php?rest_route=\/wp\/v2\/users\/1"}],"replies":[{"embeddable":true,"href":"https:\/\/zkrsm.mk\/z\/index.php?rest_route=%2Fwp%2Fv2%2Fcomments&post=305"}],"version-history":[{"count":2,"href":"https:\/\/zkrsm.mk\/z\/index.php?rest_route=\/wp\/v2\/posts\/305\/revisions"}],"predecessor-version":[{"id":310,"href":"https:\/\/zkrsm.mk\/z\/index.php?rest_route=\/wp\/v2\/posts\/305\/revisions\/310"}],"wp:featuredmedia":[{"embeddable":true,"href":"https:\/\/zkrsm.mk\/z\/index.php?rest_route=\/wp\/v2\/media\/306"}],"wp:attachment":[{"href":"https:\/\/zkrsm.mk\/z\/index.php?rest_route=%2Fwp%2Fv2%2Fmedia&parent=305"}],"wp:term":[{"taxonomy":"category","embeddable":true,"href":"https:\/\/zkrsm.mk\/z\/index.php?rest_route=%2Fwp%2Fv2%2Fcategories&post=305"},{"taxonomy":"post_tag","embeddable":true,"href":"https:\/\/zkrsm.mk\/z\/index.php?rest_route=%2Fwp%2Fv2%2Ftags&post=305"}],"curies":[{"name":"wp","href":"https:\/\/api.w.org\/{rel}","templated":true}]}}