{"id":275,"date":"2024-10-25T06:15:25","date_gmt":"2024-10-25T06:15:25","guid":{"rendered":"https:\/\/zkrsm.mk\/z\/?p=275"},"modified":"2025-02-06T10:48:44","modified_gmt":"2025-02-06T10:48:44","slug":"ne-hapjen-e-lojerave-te-22-ta-sportive-te-sindikates-se-policise-se-maqedonise","status":"publish","type":"post","link":"https:\/\/zkrsm.mk\/z\/?p=275","title":{"rendered":"N\u00eb hapjen e Loj\u00ebrave t\u00eb 22-ta sportive t\u00eb Sindikat\u00ebs s\u00eb Policis\u00eb s\u00eb Maqedonis\u00eb"},"content":{"rendered":"\n<p>Drejtoresha ekzekutive e Od\u00ebs s\u00eb Zejtaris\u00eb s\u00eb Republik\u00ebs s\u00eb Maqedonis\u00eb, znj. Jelena Spasova, mori pjes\u00eb n\u00eb hapjen e Loj\u00ebrave t\u00eb 22-ta Sportive t\u00eb Sindikat\u00ebs s\u00eb Policis\u00eb s\u00eb Maqedonis\u00eb!<\/p>\n\n\n\n<p>Me krenari prezantojm\u00eb bashk\u00ebpunimin ton\u00eb t\u00eb ri nd\u00ebrmjet Od\u00ebs s\u00eb Zejtareve t\u00eb RSM-s\u00eb dhe Sindikat\u00ebs s\u00eb Policis\u00eb s\u00eb Maqedonis\u00eb, i cili do t\u00eb hap\u00eb mund\u00ebsi t\u00eb reja p\u00ebr t\u00eb gjith\u00eb polic\u00ebt, ve\u00e7an\u00ebrisht p\u00ebr ata q\u00eb jan\u00eb n\u00eb sh\u00ebrbimin postaktiv. N\u00eb hapje t\u00eb k\u00ebtij manifestimi sportiv, ne shpall\u00ebm nism\u00ebn p\u00ebr rikualifikim dhe trajnim, i cili do t&#8217;u mund\u00ebsoj\u00eb familjeve t\u00eb punonj\u00ebsve t\u00eb policis\u00eb t\u00eb fitojn\u00eb aft\u00ebsi artizanale, duke nxitur zhvillimin profesional dhe personal.<\/p>\n\n\n\n<p>Projekti synon t\u00eb p\u00ebrmir\u00ebsoj\u00eb stabilitetin financiar dhe t\u00eb hap\u00eb dyer t\u00eb reja p\u00ebr t\u00eb gjith\u00eb pjes\u00ebmarr\u00ebsit, duke nd\u00ebrtuar nj\u00eb t\u00eb ardhme m\u00eb t\u00eb mir\u00eb p\u00ebr komunitetin dhe vendin ton\u00eb! \ud83c\uddf2\ud83c\uddf0<\/p>\n\n\n\n<p>Presim me padurim sukseset e ardhshme dhe momentet e bashkimit q\u00eb do t\u00eb sjell\u00eb ky projekt!<\/p>\n\n\n\n<p><\/p>\n\n\n\n<figure class=\"wp-block-gallery columns-0 is-cropped\"><ul class=\"blocks-gallery-grid\"><\/ul><\/figure>\n","protected":false},"excerpt":{"rendered":"<p>Drejtoresha ekzekutive e Od\u00ebs s\u00eb Zejtaris\u00eb s\u00eb Republik\u00ebs s\u00eb Maqedonis\u00eb, znj. Jelena Spasova, mori pjes\u00eb n\u00eb hapjen e Loj\u00ebrave t\u00eb 22-ta Sportive t\u00eb Sindikat\u00ebs s\u00eb Policis\u00eb s\u00eb Maqedonis\u00eb! Me krenari prezantojm\u00eb bashk\u00ebpunimin ton\u00eb t\u00eb ri nd\u00ebrmjet Od\u00ebs s\u00eb Zejtareve t\u00eb [&hellip;]<\/p>\n","protected":false},"author":1,"featured_media":0,"comment_status":"closed","ping_status":"closed","sticky":false,"template":"","format":"standard","meta":[],"categories":[3],"tags":[],"_links":{"self":[{"href":"https:\/\/zkrsm.mk\/z\/index.php?rest_route=\/wp\/v2\/posts\/275"}],"collection":[{"href":"https:\/\/zkrsm.mk\/z\/index.php?rest_route=\/wp\/v2\/posts"}],"about":[{"href":"https:\/\/zkrsm.mk\/z\/index.php?rest_route=\/wp\/v2\/types\/post"}],"author":[{"embeddable":true,"href":"https:\/\/zkrsm.mk\/z\/index.php?rest_route=\/wp\/v2\/users\/1"}],"replies":[{"embeddable":true,"href":"https:\/\/zkrsm.mk\/z\/index.php?rest_route=%2Fwp%2Fv2%2Fcomments&post=275"}],"version-history":[{"count":2,"href":"https:\/\/zkrsm.mk\/z\/index.php?rest_route=\/wp\/v2\/posts\/275\/revisions"}],"predecessor-version":[{"id":339,"href":"https:\/\/zkrsm.mk\/z\/index.php?rest_route=\/wp\/v2\/posts\/275\/revisions\/339"}],"wp:attachment":[{"href":"https:\/\/zkrsm.mk\/z\/index.php?rest_route=%2Fwp%2Fv2%2Fmedia&parent=275"}],"wp:term":[{"taxonomy":"category","embeddable":true,"href":"https:\/\/zkrsm.mk\/z\/index.php?rest_route=%2Fwp%2Fv2%2Fcategories&post=275"},{"taxonomy":"post_tag","embeddable":true,"href":"https:\/\/zkrsm.mk\/z\/index.php?rest_route=%2Fwp%2Fv2%2Ftags&post=275"}],"curies":[{"name":"wp","href":"https:\/\/api.w.org\/{rel}","templated":true}]}}