{"id":268,"date":"2024-10-24T13:34:03","date_gmt":"2024-10-24T13:34:03","guid":{"rendered":"https:\/\/zkrsm.mk\/z\/?p=268"},"modified":"2025-02-06T10:48:56","modified_gmt":"2025-02-06T10:48:56","slug":"takim-me-zevendeskryeministrin-e-pare-dhe-min-per-mjedisin-dhe-pro-planifikimi-dhe-ministrin-e-kultures-dhe-turizmit","status":"publish","type":"post","link":"https:\/\/zkrsm.mk\/z\/?p=268","title":{"rendered":"Takim me Z\u00ebvend\u00ebskryeministrin e Par\u00eb dhe Min. p\u00ebr mjedisin dhe pro. Planifikimi dhe Ministrin e Kultur\u00ebs dhe Turizmit,"},"content":{"rendered":"\n<p>N\u00eb takimin e sot\u00ebm me Z\u00ebvend\u00ebskryeministrin e Par\u00eb dhe Ministrin e Mjedisit dhe Planifikimit Hap\u00ebsinor, z. Izet Majiti, Ministri i Kultur\u00ebs dhe Turizmit, z. Zoran Ljutkov dhe kryetari i Komun\u00ebs s\u00eb \u00c7airit, z. Visar Ganiu, u diskutua p\u00ebr zejtar\u00ebt q\u00eb ndodhen n\u00eb \u00c7arshin\u00eb e Vjet\u00ebr t\u00eb Shkupit. Fokusi kryesor i bised\u00ebs kishte p\u00ebr q\u00ebllim nxitjen e zejtar\u00ebve t\u00eb rinj p\u00ebr t\u00eb filluar nj\u00eb aktivitet artizanal dhe zgjerimin e ofert\u00ebs s\u00eb artizanatit n\u00eb pazar, si nj\u00eb m\u00ebnyr\u00eb p\u00ebr t\u00eb ringjallur m\u00eb tej k\u00ebt\u00eb qend\u00ebr t\u00eb r\u00ebnd\u00ebsishme t\u00eb zejtaris\u00eb.<\/p>\n\n\n\n<p><\/p>\n\n\n\n<figure class=\"wp-block-gallery columns-0 is-cropped\"><ul class=\"blocks-gallery-grid\"><\/ul><\/figure>\n","protected":false},"excerpt":{"rendered":"<p>N\u00eb takimin e sot\u00ebm me Z\u00ebvend\u00ebskryeministrin e Par\u00eb dhe Ministrin e Mjedisit dhe Planifikimit Hap\u00ebsinor, z. Izet Majiti, Ministri i Kultur\u00ebs dhe Turizmit, z. Zoran Ljutkov dhe kryetari i Komun\u00ebs s\u00eb \u00c7airit, z. Visar Ganiu, u diskutua p\u00ebr zejtar\u00ebt q\u00eb [&hellip;]<\/p>\n","protected":false},"author":1,"featured_media":0,"comment_status":"closed","ping_status":"closed","sticky":false,"template":"","format":"standard","meta":[],"categories":[3],"tags":[],"_links":{"self":[{"href":"https:\/\/zkrsm.mk\/z\/index.php?rest_route=\/wp\/v2\/posts\/268"}],"collection":[{"href":"https:\/\/zkrsm.mk\/z\/index.php?rest_route=\/wp\/v2\/posts"}],"about":[{"href":"https:\/\/zkrsm.mk\/z\/index.php?rest_route=\/wp\/v2\/types\/post"}],"author":[{"embeddable":true,"href":"https:\/\/zkrsm.mk\/z\/index.php?rest_route=\/wp\/v2\/users\/1"}],"replies":[{"embeddable":true,"href":"https:\/\/zkrsm.mk\/z\/index.php?rest_route=%2Fwp%2Fv2%2Fcomments&post=268"}],"version-history":[{"count":2,"href":"https:\/\/zkrsm.mk\/z\/index.php?rest_route=\/wp\/v2\/posts\/268\/revisions"}],"predecessor-version":[{"id":340,"href":"https:\/\/zkrsm.mk\/z\/index.php?rest_route=\/wp\/v2\/posts\/268\/revisions\/340"}],"wp:attachment":[{"href":"https:\/\/zkrsm.mk\/z\/index.php?rest_route=%2Fwp%2Fv2%2Fmedia&parent=268"}],"wp:term":[{"taxonomy":"category","embeddable":true,"href":"https:\/\/zkrsm.mk\/z\/index.php?rest_route=%2Fwp%2Fv2%2Fcategories&post=268"},{"taxonomy":"post_tag","embeddable":true,"href":"https:\/\/zkrsm.mk\/z\/index.php?rest_route=%2Fwp%2Fv2%2Ftags&post=268"}],"curies":[{"name":"wp","href":"https:\/\/api.w.org\/{rel}","templated":true}]}}