{"id":252,"date":"2024-10-24T12:22:11","date_gmt":"2024-10-24T12:22:11","guid":{"rendered":"https:\/\/zkrsm.mk\/z\/?p=252"},"modified":"2025-02-06T10:50:23","modified_gmt":"2025-02-06T10:50:23","slug":"edukimi-dhe-fuqizimi-ekonomik-i-grave","status":"publish","type":"post","link":"https:\/\/zkrsm.mk\/z\/?p=252","title":{"rendered":"Edukimi dhe fuqizimi ekonomik i grave"},"content":{"rendered":"\n<p>Kemi k\u00ebnaq\u00ebsin\u00eb t\u00eb ju njoftojm\u00eb se sot filloi zyrtarisht zbatimi i projektit \u201cEdukimi dhe Fuqizimi Ekonomik i Gruas\u201d. \ud83d\udc69\ud83c\udf89<\/p>\n\n\n\n<p>N\u00eb aktivitetin q\u00eb u zhvillua sot dhe q\u00eb sh\u00ebnoi promovimin e projektit, u theksua se ky \u00ebsht\u00eb nj\u00eb hap i r\u00ebnd\u00ebsish\u00ebm n\u00eb p\u00ebrpjekjet tona p\u00ebr t\u00eb p\u00ebrmir\u00ebsuar pozit\u00ebn e grave nga grupet vulnerab\u00ebl n\u00eb komunitetin ton\u00eb.\ud83c\udf89<\/p>\n\n\n\n<p>D\u00ebshirojm\u00eb t\u00eb fal\u00ebnderojm\u00eb partner\u00ebt dhe p\u00ebrkrah\u00ebsit tan\u00eb nga Ambasada Sllovene Shkup\/Ambasada e Republik\u00ebs s\u00eb Sllovenis\u00eb, ve\u00e7an\u00ebrisht ambasadorin z. Gregor Presker, si dhe Ministrin\u00eb e Pun\u00ebve t\u00eb Jashtme dhe Evropiane t\u00eb Republik\u00ebs s\u00eb Sllovenis\u00eb, t\u00eb cil\u00ebt e njoh\u00ebn r\u00ebnd\u00ebsin\u00eb t\u00eb k\u00ebsaj nisme dhe vendos\u00ebn ta mb\u00ebshtesin financiarisht. \ud83d\ude4f Mb\u00ebshtetja juaj \u00ebsht\u00eb thelb\u00ebsore p\u00ebr realizimin e suksessh\u00ebm t\u00eb k\u00ebtij projekti dhe p\u00ebr p\u00ebrmir\u00ebsimin e jet\u00ebs s\u00eb shum\u00eb grave n\u00eb Maqedonin\u00eb e Veriut.<\/p>\n\n\n\n<p>Q\u00ebllimi yn\u00eb nuk \u00ebsht\u00eb vet\u00ebm t\u00eb ofrojm\u00eb trajnim dhe edukim, por edhe t\u00eb krijojm\u00eb nj\u00eb mjedis ku grat\u00eb t\u00eb ndjehen t\u00eb mb\u00ebshtetura dhe t\u00eb motivuara p\u00ebr t\u00eb arritur q\u00ebllimet e tyre. \ud83d\udcaa Me k\u00ebto aktivitete, ne jo vet\u00ebm fuqizojm\u00eb grat\u00eb, por fuqizojm\u00eb edhe t\u00eb gjith\u00eb komunitetin, sepse njohurit\u00eb dhe aft\u00ebsit\u00eb q\u00eb marrin k\u00ebto gra do t\u00eb ken\u00eb nj\u00eb efekt pozitiv n\u00eb familjet e tyre dhe mjedisin.<\/p>\n\n\n\n<p>Dritarja e aplikimit p\u00ebr kandidat\u00ebt \u00ebsht\u00eb ende e hapur! Kandidat\u00ebt e interesuar mund t\u00eb na kontaktojn\u00eb drejtp\u00ebrdrejt p\u00ebr m\u00eb shum\u00eb informacion. \ud83d\udce9<\/p>\n\n\n\n<p>Vazhdoni t\u00eb na ndiqni p\u00ebr m\u00eb shum\u00eb informacion dhe lajme rreth projektit ton\u00eb!<\/p>\n\n\n\n<figure class=\"wp-block-gallery columns-0 is-cropped\"><ul class=\"blocks-gallery-grid\"><\/ul><\/figure>\n","protected":false},"excerpt":{"rendered":"<p>Kemi k\u00ebnaq\u00ebsin\u00eb t\u00eb ju njoftojm\u00eb se sot filloi zyrtarisht zbatimi i projektit \u201cEdukimi dhe Fuqizimi Ekonomik i Gruas\u201d. \ud83d\udc69\ud83c\udf89 N\u00eb aktivitetin q\u00eb u zhvillua sot dhe q\u00eb sh\u00ebnoi promovimin e projektit, u theksua se ky \u00ebsht\u00eb nj\u00eb hap i r\u00ebnd\u00ebsish\u00ebm [&hellip;]<\/p>\n","protected":false},"author":1,"featured_media":0,"comment_status":"closed","ping_status":"closed","sticky":false,"template":"","format":"standard","meta":[],"categories":[3],"tags":[],"_links":{"self":[{"href":"https:\/\/zkrsm.mk\/z\/index.php?rest_route=\/wp\/v2\/posts\/252"}],"collection":[{"href":"https:\/\/zkrsm.mk\/z\/index.php?rest_route=\/wp\/v2\/posts"}],"about":[{"href":"https:\/\/zkrsm.mk\/z\/index.php?rest_route=\/wp\/v2\/types\/post"}],"author":[{"embeddable":true,"href":"https:\/\/zkrsm.mk\/z\/index.php?rest_route=\/wp\/v2\/users\/1"}],"replies":[{"embeddable":true,"href":"https:\/\/zkrsm.mk\/z\/index.php?rest_route=%2Fwp%2Fv2%2Fcomments&post=252"}],"version-history":[{"count":2,"href":"https:\/\/zkrsm.mk\/z\/index.php?rest_route=\/wp\/v2\/posts\/252\/revisions"}],"predecessor-version":[{"id":342,"href":"https:\/\/zkrsm.mk\/z\/index.php?rest_route=\/wp\/v2\/posts\/252\/revisions\/342"}],"wp:attachment":[{"href":"https:\/\/zkrsm.mk\/z\/index.php?rest_route=%2Fwp%2Fv2%2Fmedia&parent=252"}],"wp:term":[{"taxonomy":"category","embeddable":true,"href":"https:\/\/zkrsm.mk\/z\/index.php?rest_route=%2Fwp%2Fv2%2Fcategories&post=252"},{"taxonomy":"post_tag","embeddable":true,"href":"https:\/\/zkrsm.mk\/z\/index.php?rest_route=%2Fwp%2Fv2%2Ftags&post=252"}],"curies":[{"name":"wp","href":"https:\/\/api.w.org\/{rel}","templated":true}]}}